{"id":201,"date":"2020-06-18T10:00:31","date_gmt":"2020-06-18T08:00:31","guid":{"rendered":"http:\/\/geschichte-brandenburg.de\/wordpress\/?p=201"},"modified":"2020-09-25T11:50:12","modified_gmt":"2020-09-25T09:50:12","slug":"aktuelle-lage-sars-cov-19-wir-haben-wieder-geoeffnet","status":"publish","type":"post","link":"https:\/\/geschichte-brandenburg.de\/wordpress\/2020\/06\/18\/aktuelle-lage-sars-cov-19-wir-haben-wieder-geoeffnet\/","title":{"rendered":"Aktuelle Lage SARS-COV 19 &#8211; wir haben wieder ge\u00f6ffnet"},"content":{"rendered":"\n<p>Es besteht nun wieder &#8211; unter Einhaltung der Hygiene- und Abstandsvorschriften &#8211; die M\u00f6glichkeit, unsere Bibliothek und unser Archiv zu nutzen. Allerdings m\u00fcssen wir darum bitten, sich zuvor bei uns anzumelden und auf eine Best\u00e4tigung zu warten, da die Zahl der im Lesesaal gleichzeitig anwesenden Personen eng begrenzt bleiben muss.<br>Veranstaltungen k\u00f6nnen leider nur bedingt durchgef\u00fchrt werden.<\/p>\n","protected":false},"excerpt":{"rendered":"<p>Es besteht nun wieder &#8211; unter Einhaltung der Hygiene- und Abstandsvorschriften &#8211; die M\u00f6glichkeit, unsere Bibliothek und unser Archiv zu nutzen. Allerdings m\u00fcssen wir darum bitten, sich zuvor bei uns [&hellip;]<\/p>\n","protected":false},"author":2,"featured_media":0,"comment_status":"closed","ping_status":"closed","sticky":false,"template":"","format":"standard","meta":{"footnotes":""},"categories":[1],"tags":[],"class_list":["post-201","post","type-post","status-publish","format-standard","hentry","category-allgemein"],"_links":{"self":[{"href":"https:\/\/geschichte-brandenburg.de\/wordpress\/wp-json\/wp\/v2\/posts\/201","targetHints":{"allow":["GET"]}}],"collection":[{"href":"https:\/\/geschichte-brandenburg.de\/wordpress\/wp-json\/wp\/v2\/posts"}],"about":[{"href":"https:\/\/geschichte-brandenburg.de\/wordpress\/wp-json\/wp\/v2\/types\/post"}],"author":[{"embeddable":true,"href":"https:\/\/geschichte-brandenburg.de\/wordpress\/wp-json\/wp\/v2\/users\/2"}],"replies":[{"embeddable":true,"href":"https:\/\/geschichte-brandenburg.de\/wordpress\/wp-json\/wp\/v2\/comments?post=201"}],"version-history":[{"count":1,"href":"https:\/\/geschichte-brandenburg.de\/wordpress\/wp-json\/wp\/v2\/posts\/201\/revisions"}],"predecessor-version":[{"id":202,"href":"https:\/\/geschichte-brandenburg.de\/wordpress\/wp-json\/wp\/v2\/posts\/201\/revisions\/202"}],"wp:attachment":[{"href":"https:\/\/geschichte-brandenburg.de\/wordpress\/wp-json\/wp\/v2\/media?parent=201"}],"wp:term":[{"taxonomy":"category","embeddable":true,"href":"https:\/\/geschichte-brandenburg.de\/wordpress\/wp-json\/wp\/v2\/categories?post=201"},{"taxonomy":"post_tag","embeddable":true,"href":"https:\/\/geschichte-brandenburg.de\/wordpress\/wp-json\/wp\/v2\/tags?post=201"}],"curies":[{"name":"wp","href":"https:\/\/api.w.org\/{rel}","templated":true}]}}